{"id":560,"date":"2019-05-04T11:55:30","date_gmt":"2019-05-04T11:55:30","guid":{"rendered":"http:\/\/maliwojownicy.org\/?p=560"},"modified":"2019-05-04T11:55:30","modified_gmt":"2019-05-04T11:55:30","slug":"najwazniejszy-jest-start","status":"publish","type":"post","link":"https:\/\/maliwojownicy.org\/index.php\/2019\/05\/04\/najwazniejszy-jest-start\/","title":{"rendered":"Najwa\u017cniejszy jest start"},"content":{"rendered":"<p>&#8222;Najwa\u017cniejszy jest start &#8211; zaj\u0119cia rehabilitacyjne i terapeutyczne dla dzieci przedwcze\u015bnie urodzonych oraz z powik\u0142aniami oko\u0142oporodowymi do 4 roku \u017cycia&#8221; to projekt finansowany ze \u015brodk\u00f3w Pa\u0144stwowego Funduszu Rehabilitacji Os\u00f3b Niepe\u0142nosprawnych, realizowanego wsp\u00f3lnie z ZHP\u00a0 Chor\u0105giew Bia\u0142ostocka.<\/p>\n<p>Terapie i rehabilitacje b\u0119d\u0105 prowadzone w ramach dzia\u0142ania O\u015brodka Wsparcia &#8222;Horyzont&#8221; prowadzonego przez Fundacj\u0119 Mali Wojownicy we wsparciu ZHP Chor\u0105gwi Bia\u0142ostockiej.<\/p>\n<p>Do projektu zapraszamy 40 dzieci spe\u0142niaj\u0105cych nast\u0119puj\u0105ce kryteria:<\/p>\n<ul>\n<li>posiadanie orzeczenia o niepe\u0142nosprawno\u015bci<\/li>\n<li>dziecko przedwcze\u015bnie urodzone lub z powik\u0142aniami oko\u0142oporodowymi<\/li>\n<li>dziecko do 4 roku \u017cycia<\/li>\n<\/ul>\n<p>W ramach projektu b\u0119d\u0105 realizowane: rehabilitacja, terapia integracji sensorycznej, zaj\u0119cia neurologopedyczne, logopedyczne, terapia pedagogiczna, zaj\u0119cia z psychologiem, zaj\u0119cia grupowe kszta\u0142tuj\u0105ce kompetencje spo\u0142eczne.<\/p>\n<p>Rodzice i opiekunowie b\u0119d\u0105 mogli skorzysta\u0107 z konsultacji psychologicznych, spotka\u0144 informacyjnych oraz warsztat\u00f3w ze specjalistami.<\/p>\n<p>Zaj\u0119cia rozpoczn\u0105 si\u0119 w czerwcu 2019 roku i zako\u0144cz\u0105 w marcu 2020 r.<\/p>\n<p>Zg\u0142oszenia do projektu prosimy kierowa\u0107 na adres fundacjamaliwojownicy@gmail.com<\/p>\n","protected":false},"excerpt":{"rendered":"<p>&#8222;Najwa\u017cniejszy jest start &#8211; zaj\u0119cia rehabilitacyjne i terapeutyczne dla dzieci przedwcze\u015bnie urodzonych oraz z powik\u0142aniami oko\u0142oporodowymi do 4 roku \u017cycia&#8221; to projekt finansowany ze \u015brodk\u00f3w Pa\u0144stwowego Funduszu Rehabilitacji Os\u00f3b Niepe\u0142nosprawnych, realizowanego wsp\u00f3lnie z ZHP\u00a0 Chor\u0105giew Bia\u0142ostocka. Terapie i rehabilitacje b\u0119d\u0105 prowadzone w ramach dzia\u0142ania O\u015brodka Wsparcia &#8222;Horyzont&#8221; prowadzonego przez Fundacj\u0119 Mali Wojownicy we wsparciu ZHP [&hellip;]<\/p>\n","protected":false},"author":3,"featured_media":519,"comment_status":"closed","ping_status":"open","sticky":false,"template":"","format":"standard","meta":{"_crdt_document":"","_kadence_starter_templates_imported_post":false,"footnotes":""},"categories":[17],"tags":[],"class_list":["post-560","post","type-post","status-publish","format-standard","has-post-thumbnail","hentry","category-uncategorized"],"_links":{"self":[{"href":"https:\/\/maliwojownicy.org\/index.php\/wp-json\/wp\/v2\/posts\/560","targetHints":{"allow":["GET"]}}],"collection":[{"href":"https:\/\/maliwojownicy.org\/index.php\/wp-json\/wp\/v2\/posts"}],"about":[{"href":"https:\/\/maliwojownicy.org\/index.php\/wp-json\/wp\/v2\/types\/post"}],"author":[{"embeddable":true,"href":"https:\/\/maliwojownicy.org\/index.php\/wp-json\/wp\/v2\/users\/3"}],"replies":[{"embeddable":true,"href":"https:\/\/maliwojownicy.org\/index.php\/wp-json\/wp\/v2\/comments?post=560"}],"version-history":[{"count":0,"href":"https:\/\/maliwojownicy.org\/index.php\/wp-json\/wp\/v2\/posts\/560\/revisions"}],"wp:featuredmedia":[{"embeddable":true,"href":"https:\/\/maliwojownicy.org\/index.php\/wp-json\/wp\/v2\/media\/519"}],"wp:attachment":[{"href":"https:\/\/maliwojownicy.org\/index.php\/wp-json\/wp\/v2\/media?parent=560"}],"wp:term":[{"taxonomy":"category","embeddable":true,"href":"https:\/\/maliwojownicy.org\/index.php\/wp-json\/wp\/v2\/categories?post=560"},{"taxonomy":"post_tag","embeddable":true,"href":"https:\/\/maliwojownicy.org\/index.php\/wp-json\/wp\/v2\/tags?post=560"}],"curies":[{"name":"wp","href":"https:\/\/api.w.org\/{rel}","templated":true}]}}