{"id":310,"date":"2018-01-23T08:33:18","date_gmt":"2018-01-23T08:33:18","guid":{"rendered":"http:\/\/maliwojownicy.org\/?p=310"},"modified":"2018-01-23T08:33:18","modified_gmt":"2018-01-23T08:33:18","slug":"tz-ulga-rehabilitacyjna-2017","status":"publish","type":"post","link":"https:\/\/maliwojownicy.org\/index.php\/2018\/01\/23\/tz-ulga-rehabilitacyjna-2017\/","title":{"rendered":"Tzw. &#8222;ulga rehabilitacyjna&#8221; za 2017 rok"},"content":{"rendered":"<p>ULGA REHABILITACYJNA<br \/>\nSprawdzili\u015bmy dla Was jakie zmiany nast\u0105pi\u0142y w tzw. &#8222;uldze rehabilitacyjnej&#8221; przys\u0142uguj\u0105cej m.in. rodzicom dzieci z orzeczeniem o niepe\u0142nosprawno\u015bci.<\/p>\n<p>Najwa\u017cniejsz\u0105 zmiana jest mo\u017cliwo\u015b\u0107 odliczenia dojazd\u00f3w w\u0142asnym samochodem ju\u017c nie tylko na zlecone rehabilitacj\u0119, ale w og\u00f3le przew\u00f3z os\u00f3b z orzeczeniem w kwocie nieprzekraczaj\u0105cej w roku podatkowym 2280 z\u0142.<\/p>\n<p>Inne wydatki si\u0119 nie zmieniaj\u0105 (wa\u017cne \u017ceby by\u0142a na nie faktura &#8211; najlepiej z adnotacj\u0105 dla kogo konkretnie to ma s\u0142u\u017cy\u0107):<br \/>\n&#8211; adaptacja i wyposa\u017cenie mieszka\u0144 oraz budynk\u00f3w mieszkalnych stosownie do potrzeb wynikaj\u0105cych z niepe\u0142nosprawno\u015bci<br \/>\n&#8211; przystosowanie pojazd\u00f3w mechanicznych do potrzeb wynikaj\u0105cych z niepe\u0142nosprawno\u015bci<br \/>\n&#8211; zakup i napraw\u0119 indywidualnego sprz\u0119tu, urz\u0105dze\u0144 i narz\u0119dzi technicznych niezb\u0119dnych w rehabilitacji oraz u\u0142atwiaj\u0105cych wykonywanie czynno\u015bci \u017cyciowych, stosownie do potrzeb wynikaj\u0105cych z niepe\u0142nosprawno\u015bci, z wyj\u0105tkiem sprz\u0119tu gospodarstwa domowego (!)<br \/>\n&#8211; zakup wydawnictw i materia\u0142\u00f3w (pomocy) szkoleniowych, stosownych do potrzeb wynikaj\u0105cych z niepe\u0142nosprawno\u015bci (czyli pomoce do SI, terapii r\u0119ki, ksi\u0105\u017cki o tematyce zaburze\u0144, itp.)<br \/>\n&#8211; odp\u0142atno\u015b\u0107 za pobyt na turnusie rehabilitacyjnym<br \/>\n&#8211; odp\u0142atno\u015b\u0107 za pobyt na leczeniu w zak\u0142adzie lecznictwa uzdrowiskowego, za pobyt w zak\u0142adzie rehabilitacji leczniczej, zak\u0142adach opieku\u0144czo &#8211; leczniczych i pilegnacyjno &#8211; opieku\u0144czych oraz odp\u0142atno\u015b\u0107 XA zabiegi rehabilitacyjne (czyli prywatna rehabilitacj\u0119)<br \/>\n&#8211; wspomniany przew\u00f3z os\u00f3b samochodem w\u0142asnym do 2280 z\u0142<br \/>\n&#8211; utrzymanie psa asystuj\u0105cego, o kt\u00f3rym mowa w ustawie o rehabilitacji zawodowej, w kwocie nie przekraczaj\u0105cej 2280 z\u0142<br \/>\n&#8211; opiek\u0119 piel\u0119gniarsk\u0105 w domu nad osob\u0105 niepe\u0142nosprawn\u0105 w okresie przewlek\u0142ej choroby uniemo\u017cliwiaj\u0105cej poruszanie si\u0119 oraz us\u0142ugi opieku\u0144cze<br \/>\n&#8211; op\u0142acenie t\u0142umacza j\u0119zyka migowego<br \/>\n&#8211; kolonie i obozy dla dzieci i m\u0142odzie\u017cy niepe\u0142nosprawnej oraz dzieci os\u00f3b niepe\u0142nosprawnych kt\u00f3re nie uko\u0144czy\u0142y 25 roku \u017cycia<br \/>\n&#8211; leki &#8211; w wysoko\u015bci stanowi\u0105cej r\u00f3\u017cnic\u0119 pomi\u0119dzy faktycznie podniesionym wydatkami w danym miesi\u0105cu a kwot\u0105 100 z\u0142, je\u017celi lekarz specjalista stwierdzi\u0142, \u017ce osoba niepe\u0142nosprawna powinna stosowa\u0107 okre\u015blone leki stale lub czasowo<br \/>\n&#8211; op\u0142aty, konieczny przew\u00f3z na niezb\u0119dne zabiegi leczniczo &#8211; rehabilitacyjne &#8211; karetka sanitarn\u0105 lub innymi \u015brodkami<br \/>\n&#8211; op\u0142acenie przewodnik\u00f3w os\u00f3b niewidomych oraz os\u00f3b z niepe\u0142nosprawno\u015bci\u0105 narz\u0105du ruchu<br \/>\n&#8211; odp\u0142atne przejazdy \u015brodkami transportu publicznego zwi\u0105zanego z pobytem na turnusie rehabilitacyjny, w zak\u0142adzie lecznictwa uzdrowiskowego, zak\u0142adzie rehabilitacji leczniczej, zak\u0142adzie opieku\u0144czo &#8211; leczniczym i piel\u0119gnacyjno &#8211; opieku\u0144czym oraz na koloniach i obozach dla dzieci niepe\u0142nosprawnych<\/p>\n","protected":false},"excerpt":{"rendered":"<p>ULGA REHABILITACYJNA Sprawdzili\u015bmy dla Was jakie zmiany nast\u0105pi\u0142y w tzw. &#8222;uldze rehabilitacyjnej&#8221; przys\u0142uguj\u0105cej m.in. rodzicom dzieci z orzeczeniem o niepe\u0142nosprawno\u015bci. Najwa\u017cniejsz\u0105 zmiana jest mo\u017cliwo\u015b\u0107 odliczenia dojazd\u00f3w w\u0142asnym samochodem ju\u017c nie tylko na zlecone rehabilitacj\u0119, ale w og\u00f3le przew\u00f3z os\u00f3b z orzeczeniem w kwocie nieprzekraczaj\u0105cej w roku podatkowym 2280 z\u0142. Inne wydatki si\u0119 nie zmieniaj\u0105 (wa\u017cne [&hellip;]<\/p>\n","protected":false},"author":3,"featured_media":311,"comment_status":"closed","ping_status":"open","sticky":false,"template":"","format":"standard","meta":{"_crdt_document":"","_kadence_starter_templates_imported_post":false,"footnotes":""},"categories":[17],"tags":[20,24],"class_list":["post-310","post","type-post","status-publish","format-standard","has-post-thumbnail","hentry","category-uncategorized","tag-odliczenie","tag-ulga"],"_links":{"self":[{"href":"https:\/\/maliwojownicy.org\/index.php\/wp-json\/wp\/v2\/posts\/310","targetHints":{"allow":["GET"]}}],"collection":[{"href":"https:\/\/maliwojownicy.org\/index.php\/wp-json\/wp\/v2\/posts"}],"about":[{"href":"https:\/\/maliwojownicy.org\/index.php\/wp-json\/wp\/v2\/types\/post"}],"author":[{"embeddable":true,"href":"https:\/\/maliwojownicy.org\/index.php\/wp-json\/wp\/v2\/users\/3"}],"replies":[{"embeddable":true,"href":"https:\/\/maliwojownicy.org\/index.php\/wp-json\/wp\/v2\/comments?post=310"}],"version-history":[{"count":0,"href":"https:\/\/maliwojownicy.org\/index.php\/wp-json\/wp\/v2\/posts\/310\/revisions"}],"wp:featuredmedia":[{"embeddable":true,"href":"https:\/\/maliwojownicy.org\/index.php\/wp-json\/wp\/v2\/media\/311"}],"wp:attachment":[{"href":"https:\/\/maliwojownicy.org\/index.php\/wp-json\/wp\/v2\/media?parent=310"}],"wp:term":[{"taxonomy":"category","embeddable":true,"href":"https:\/\/maliwojownicy.org\/index.php\/wp-json\/wp\/v2\/categories?post=310"},{"taxonomy":"post_tag","embeddable":true,"href":"https:\/\/maliwojownicy.org\/index.php\/wp-json\/wp\/v2\/tags?post=310"}],"curies":[{"name":"wp","href":"https:\/\/api.w.org\/{rel}","templated":true}]}}