{"id":1650,"date":"2025-01-20T15:57:44","date_gmt":"2025-01-20T15:57:44","guid":{"rendered":"https:\/\/maliwojownicy.org\/?p=1650"},"modified":"2026-03-09T16:38:24","modified_gmt":"2026-03-09T15:38:24","slug":"rekrutacja-2025-2026","status":"publish","type":"post","link":"https:\/\/maliwojownicy.org\/index.php\/2025\/01\/20\/rekrutacja-2025-2026\/","title":{"rendered":"Rekrutacja 2025\/ 2026"},"content":{"rendered":"\n<div class=\"wp-block-image\"><figure class=\"aligncenter size-large\"><a href=\"https:\/\/maliwojownicy.org\/wp-content\/uploads\/2025\/01\/472151540_574801795263256_2455215073375575846_n-2.jpg\"><img loading=\"lazy\" decoding=\"async\" width=\"724\" height=\"1024\" src=\"https:\/\/maliwojownicy.org\/wp-content\/uploads\/2025\/01\/472151540_574801795263256_2455215073375575846_n-2-724x1024.jpg\" alt=\"\" class=\"wp-image-1730\" srcset=\"https:\/\/maliwojownicy.org\/wp-content\/uploads\/2025\/01\/472151540_574801795263256_2455215073375575846_n-2-724x1024.jpg 724w, https:\/\/maliwojownicy.org\/wp-content\/uploads\/2025\/01\/472151540_574801795263256_2455215073375575846_n-2-212x300.jpg 212w, https:\/\/maliwojownicy.org\/wp-content\/uploads\/2025\/01\/472151540_574801795263256_2455215073375575846_n-2-768x1086.jpg 768w, https:\/\/maliwojownicy.org\/wp-content\/uploads\/2025\/01\/472151540_574801795263256_2455215073375575846_n-2-1086x1536.jpg 1086w, https:\/\/maliwojownicy.org\/wp-content\/uploads\/2025\/01\/472151540_574801795263256_2455215073375575846_n-2-600x849.jpg 600w, https:\/\/maliwojownicy.org\/wp-content\/uploads\/2025\/01\/472151540_574801795263256_2455215073375575846_n-2.jpg 1448w\" sizes=\"auto, (max-width: 724px) 100vw, 724px\" \/><\/a><\/figure><\/div>\n\n\n\n<p class=\"wp-block-paragraph\">We wszystkich trzech plac\u00f3wkach proces rekrutacji zaczynamy 17 lutego &#8211; od tego momentu zapraszamy do kontaktu i umawiania si\u0119 na spotkania.<\/p>\n\n\n\n<p class=\"wp-block-paragraph\">Oto kilka najwa\u017cniejszych informacji o plac\u00f3wkach prowadzonych przez nasz\u0105 Fundacj\u0119<\/p>\n\n\n\n<p class=\"wp-block-paragraph\"><strong>\u017b\u0142obek Weso\u0142e S\u0142oneczka&nbsp;<\/strong>&#8211; plac\u00f3wka og\u00f3lnodost\u0119pna, dla dzieci od roku do 2,5 lat, w kt\u00f3rej jest jedna grupa licz\u0105ca 16 dzieci. W \u017b\u0142obku pracuj\u0105 na sta\u0142e trzy opiekunki, kt\u00f3re maj\u0105 dodatkow\u0105 pom\u00f3c przy posi\u0142kach czy spacerach od innych pracownik\u00f3w Fundacji.<br>Stawiamy na nauk\u0119 samodzielno\u015bci oraz zabaw\u0119 w grupie i na \u015bwie\u017cym powietrzu. \u017b\u0142obek posiada sw\u00f3j ogrodzony plac zabaw (dzielony z przedszkolakami). Posiadamy kuchnie na miejscu, kt\u00f3ra przygotowuje posi\u0142ki zgodne z potrzebami i alergiami dzieci.<br>Dzieci ucz\u0119szczaj\u0105cej do \u017c\u0142obka mog\u0105 realizowa\u0107 WWRD w tym samym budynku.<\/p>\n\n\n\n<p class=\"wp-block-paragraph\">Koszt: 1500 z\u0142 plus wy\u017cywienie 17 z\u0142 stawka dzienna<\/p>\n\n\n\n<p class=\"wp-block-paragraph\">Godziny otwarcia: 6:30-17:00<\/p>\n\n\n\n<p class=\"wp-block-paragraph\"><strong>Przedszkole Dzielne Zuchy<\/strong>&nbsp;&#8211; plac\u00f3wka dla dzieci realizuj\u0105cych edukacj\u0119 przedszkoln\u0105. W naszym przedszkolu pracujemy w trzech grupach po 12 dzieci w r\u00f3\u017cnym wieku (wg koncepcji M. Montessori). W ka\u017cdej grupie pracuje dw\u00f3ch nauczycieli i dwie pomoce nauczyciela. Realizujemy edukacj\u0119 w\u0142\u0105czaj\u0105ca, kt\u00f3ra bazuje na mocnych stronach ka\u017cdego dziecka niezale\u017cnie od mo\u017cliwo\u015bci i rozwoju.<br>W przedszkolu realizujemy kszta\u0142cenie specjalne oraz WWRD. Zatrudniamy specjalist\u00f3w z wielu dziedzin m.in. fizjoterapeut\u00f3w, terapeut\u00f3w SI, psycholog\u00f3w, logoped\u00f3w i neurologoped\u0119, pedagog\u00f3w i pedagog\u00f3w specjalnych, trener\u00f3w TUS, osoby pracuj\u0105ce metoda dr Svietlany Masgutowej MNRI\u00ae, terapeut\u00f3w Snoezelen, terapeut\u00f3w r\u0119ki i wielu innych.<br>Chcemy aby nasze przedszkolaki dobrze bawi\u0142y si\u0119 w\u015br\u00f3d r\u00f3wie\u015bnik\u00f3w i rozwija\u0142y na miar\u0119 swoich mo\u017cliwo\u015bci.<\/p>\n\n\n\n<p class=\"wp-block-paragraph\">Koszt: czesne 320 z\u0142 plus wy\u017cywienie 20 z\u0142 dziennie (dzieci realizuj\u0105ce kszta\u0142cenie specjalne p\u0142ac\u0105 tylko za wy\u017cywienie)<\/p>\n\n\n\n<p class=\"wp-block-paragraph\">Godziny otwarcia: 6:30-17:00<\/p>\n\n\n\n<p class=\"wp-block-paragraph\"><strong>Niepubliczna Szko\u0142a Podstawowa &#8222;Odkrywcy Nieznanego \u015awiata<\/strong>&#8221;&nbsp;&#8211; ta plac\u00f3wka, kt\u00f3ra w najbli\u017cszym roku szkolnym obejmie swoim dzia\u0142aniem klasy I &#8211; IV. Jest to szko\u0142a og\u00f3lnodost\u0119pna realizuj\u0105ca podstaw\u0119 programow\u0105 kszta\u0142cenia og\u00f3lnego. Stawiamy na wsparcie naszych uczni\u00f3w w realizacji tej podstawy poprzez ma\u0142e klasy (do 6 os\u00f3b), dw\u00f3ch nauczycieli w klasach I-III oraz w klasie IV wychowawc\u0119, kt\u00f3ry jest na wszystkich lekcjach, cotygodniowe wyj\u015bcia poza teren szko\u0142y.<br>W szkole realizujemy r\u00f3wnie\u017c kszta\u0142cenie specjalne zar\u00f3wno w formie zaj\u0119\u0107 rewalidacyjnych, pomocy pedagogiczno-psychologicznej jak i zaj\u0119\u0107 grupowych. Na t\u0119 chwil\u0119 pracujemy z dzie\u0107mi w normie intelektualnej.<\/p>\n\n\n\n<p class=\"wp-block-paragraph\">Koszty: czesne 720 z\u0142 (w tym opieka \u015bwietlicowa), dzieci realizuj\u0105ce kszta\u0142cenie specjalne &#8211; jedynie op\u0142ata miesi\u0119czna \u015bwietlicowa 170 z\u0142.<\/p>\n\n\n\n<p class=\"wp-block-paragraph\">Istnieje mo\u017cliwo\u015b\u0107 wykupienia obiad\u00f3w &#8211; 13 z\u0142 stawka dzienna<\/p>\n\n\n\n<p class=\"wp-block-paragraph\">Godziny otwarcia (w tym opieka \u015bwietlicowa): 7:00-16:00<\/p>\n\n\n\n<p class=\"wp-block-paragraph\"><\/p>\n\n\n\n<p class=\"wp-block-paragraph\">W \u017c\u0142obku rekrutacja to spotkanie z rodzicami\/ rodzicem na kt\u00f3rym rozmawiamy o potrzebach dziecka i oczekiwaniach rodzic\u00f3w. Opowiadamy o naszej plac\u00f3wce i pokazujemy jak wygl\u0105da na \u017cywo.<\/p>\n\n\n\n<p class=\"wp-block-paragraph\">W przedszkolu i szkole rekrutacja to co najmniej 4 spotkania. Pierwsze to spotkanie z rodzicem\/ rodzicami i rozmowa o dziecku oraz naszym funkcjonowaniu. Kolejne to przewa\u017cnie dwa czasami trzy spotkanie z dzieckiem w grupie (w szkole podczas czasu \u015bwietlicowego). Ostatnie spotkanie to rozmowa z rodzicami i wsp\u00f3lne podj\u0119cie decyzji o wsp\u00f3\u0142pracy.<\/p>\n\n\n\n<p class=\"wp-block-paragraph\">Dla nas rekrutacja to nie wy\u015bcig, staramy si\u0119 pozna\u0107 dzieci aby\u015bmy wiedzieli jak wspiera\u0107 Je we wszechstronnym rozwoju.<\/p>\n","protected":false},"excerpt":{"rendered":"<p>We wszystkich trzech plac\u00f3wkach proces rekrutacji zaczynamy 17 lutego &#8211; od tego momentu zapraszamy do kontaktu i umawiania si\u0119 na spotkania. Oto kilka najwa\u017cniejszych informacji o plac\u00f3wkach prowadzonych przez nasz\u0105 Fundacj\u0119 \u017b\u0142obek Weso\u0142e S\u0142oneczka&nbsp;&#8211; plac\u00f3wka og\u00f3lnodost\u0119pna, dla dzieci od roku do 2,5 lat, w kt\u00f3rej jest jedna grupa licz\u0105ca 16 dzieci. W \u017b\u0142obku pracuj\u0105 na [&hellip;]<\/p>\n","protected":false},"author":3,"featured_media":0,"comment_status":"closed","ping_status":"open","sticky":false,"template":"","format":"standard","meta":{"_crdt_document":"","_kadence_starter_templates_imported_post":false,"footnotes":""},"categories":[17],"tags":[],"class_list":["post-1650","post","type-post","status-publish","format-standard","hentry","category-uncategorized"],"_links":{"self":[{"href":"https:\/\/maliwojownicy.org\/index.php\/wp-json\/wp\/v2\/posts\/1650","targetHints":{"allow":["GET"]}}],"collection":[{"href":"https:\/\/maliwojownicy.org\/index.php\/wp-json\/wp\/v2\/posts"}],"about":[{"href":"https:\/\/maliwojownicy.org\/index.php\/wp-json\/wp\/v2\/types\/post"}],"author":[{"embeddable":true,"href":"https:\/\/maliwojownicy.org\/index.php\/wp-json\/wp\/v2\/users\/3"}],"replies":[{"embeddable":true,"href":"https:\/\/maliwojownicy.org\/index.php\/wp-json\/wp\/v2\/comments?post=1650"}],"version-history":[{"count":3,"href":"https:\/\/maliwojownicy.org\/index.php\/wp-json\/wp\/v2\/posts\/1650\/revisions"}],"predecessor-version":[{"id":2078,"href":"https:\/\/maliwojownicy.org\/index.php\/wp-json\/wp\/v2\/posts\/1650\/revisions\/2078"}],"wp:attachment":[{"href":"https:\/\/maliwojownicy.org\/index.php\/wp-json\/wp\/v2\/media?parent=1650"}],"wp:term":[{"taxonomy":"category","embeddable":true,"href":"https:\/\/maliwojownicy.org\/index.php\/wp-json\/wp\/v2\/categories?post=1650"},{"taxonomy":"post_tag","embeddable":true,"href":"https:\/\/maliwojownicy.org\/index.php\/wp-json\/wp\/v2\/tags?post=1650"}],"curies":[{"name":"wp","href":"https:\/\/api.w.org\/{rel}","templated":true}]}}